{"id":13298,"date":"2023-05-22T09:28:20","date_gmt":"2023-05-22T07:28:20","guid":{"rendered":"https:\/\/www.cosfibelgroup.com\/le-luxe-eco-responsable-un-choix-engage-de-cosfibel\/"},"modified":"2023-11-07T18:39:53","modified_gmt":"2023-11-07T17:39:53","slug":"le-luxe-eco-responsable-un-choix-engage-de-cosfibel","status":"publish","type":"post","link":"https:\/\/www.cosfibelgroup.com\/fr\/le-luxe-eco-responsable-un-choix-engage-de-cosfibel\/","title":{"rendered":"Le luxe \u00e9co-responsable : un choix engag\u00e9 de Cosfibel"},"content":{"rendered":"<p><strong>Concilier luxe et responsabilit\u00e9 environnementale, c\u2019est le d\u00e9fi que rel\u00e8ve Cosfibel depuis 2012. Dans l\u2019univers prestigieux du packaging de luxe, Cosfibel se d\u00e9marque par son audace en faisant de la protection de l\u2019environnement un pilier de sa strat\u00e9gie globale, affirmant ainsi son engagement sans faille envers la pr\u00e9servation de la plan\u00e8te. Cette approche se mat\u00e9rialise \u00e0 travers une vision novatrice de l\u2019emballage, alliant innovation et pratiques \u00e9co-responsables.<\/strong><\/p>\n<p>&nbsp;<\/p>\n<p>&nbsp;<\/p>\n<div id=\"attachment_12715\" style=\"width: 310px\" class=\"wp-caption alignleft\"><img decoding=\"async\" aria-describedby=\"caption-attachment-12715\" class=\"wp-image-12715 size-medium\" src=\"https:\/\/www.cosfibelgroup.com\/wp-content\/uploads\/2023\/02\/venice-02-l-300x248.jpg\" alt=\"Venice box\" width=\"300\" height=\"248\" srcset=\"https:\/\/www.cosfibelgroup.com\/wp-content\/uploads\/2023\/02\/venice-02-l-300x248.jpg 300w, https:\/\/www.cosfibelgroup.com\/wp-content\/uploads\/2023\/02\/venice-02-l-1030x852.jpg 1030w, https:\/\/www.cosfibelgroup.com\/wp-content\/uploads\/2023\/02\/venice-02-l-768x635.jpg 768w, https:\/\/www.cosfibelgroup.com\/wp-content\/uploads\/2023\/02\/venice-02-l-1536x1271.jpg 1536w, https:\/\/www.cosfibelgroup.com\/wp-content\/uploads\/2023\/02\/venice-02-l-2048x1694.jpg 2048w, https:\/\/www.cosfibelgroup.com\/wp-content\/uploads\/2023\/02\/venice-02-l-1500x1241.jpg 1500w, https:\/\/www.cosfibelgroup.com\/wp-content\/uploads\/2023\/02\/venice-02-l-705x583.jpg 705w, https:\/\/www.cosfibelgroup.com\/wp-content\/uploads\/2023\/02\/venice-02-l-450x372.jpg 450w, https:\/\/www.cosfibelgroup.com\/wp-content\/uploads\/2023\/02\/venice-02-l-600x496.jpg 600w\" sizes=\"(max-width: 300px) 100vw, 300px\" \/><p id=\"caption-attachment-12715\" class=\"wp-caption-text\">Cosfibel Collection Venice &#8211; Wood Box<\/p><\/div>\n<p><strong>Le monomat\u00e9riau pour pr\u00e9server les ressources rares<\/strong><br \/>\nLa r\u00e9duction de l\u2019utilisation de mati\u00e8res rares est un enjeu v\u00e9ritable pour notre maison, que nous avons su concr\u00e9tiser par l\u2019av\u00e8nement de diverses strat\u00e9gies. Avec le concept de monomat\u00e9riau, Cosfibel s\u2019impose comme le pr\u00e9curseur d\u2019une production vertueuse et respectueuse de l\u2019environnement, en \u00e9liminant autant que possible l\u2019utilisation de mati\u00e8res superflues, n\u00e9cessitant une transformation complexe et \u00e9nergivore. Pour lutter contre l\u2019\u00e9puisement des ressources rares, nos \u00e9quipes design con\u00e7oivent des syst\u00e8mes de fermeture ing\u00e9nieux, d\u00e9nu\u00e9s d\u2019ajout de mati\u00e8re tierce (notamment d\u2019aimant) ou encore\u00a0 privil\u00e9gient l\u2019utilisation de mat\u00e9riaux nobles, recyclables et renouvelables, comme le bois ou le papier. De m\u00eame, conscients de l\u2019impact environnemental non n\u00e9gligeable de l\u2019utilisation du plastique \u00e0 usage unique, nous nous effor\u00e7ons de remplacer nos protections plastiques par du papier de soie, du kraft ou des chutes de tissu non utilis\u00e9es. En accord avec notre d\u00e9marche \u00e9co-responsable, nous incitons \u00e9galement nos clients \u00e0 adopter des emballages plus respectueux de l\u2019environnement afin de contribuer collectivement \u00e0 la pr\u00e9servation de la plan\u00e8te. Nous sommes convaincus que chaque geste compte et qu\u2019en choisissant nos solutions, nos clients peuvent faire la diff\u00e9rence et participer activement \u00e0 la construction d\u2019un avenir plus durable pour les g\u00e9n\u00e9rations futures.<\/p>\n<p>&nbsp;<\/p>\n<p>&nbsp;<\/p>\n<div id=\"attachment_12735\" style=\"width: 284px\" class=\"wp-caption alignright\"><img decoding=\"async\" aria-describedby=\"caption-attachment-12735\" class=\"wp-image-12735\" src=\"https:\/\/www.cosfibelgroup.com\/wp-content\/uploads\/2023\/02\/helsinki-l-sd-300x227.jpg\" alt=\"Helsinki box\" width=\"274\" height=\"207\" srcset=\"https:\/\/www.cosfibelgroup.com\/wp-content\/uploads\/2023\/02\/helsinki-l-sd-300x227.jpg 300w, https:\/\/www.cosfibelgroup.com\/wp-content\/uploads\/2023\/02\/helsinki-l-sd-1030x780.jpg 1030w, https:\/\/www.cosfibelgroup.com\/wp-content\/uploads\/2023\/02\/helsinki-l-sd-768x582.jpg 768w, https:\/\/www.cosfibelgroup.com\/wp-content\/uploads\/2023\/02\/helsinki-l-sd-1536x1164.jpg 1536w, https:\/\/www.cosfibelgroup.com\/wp-content\/uploads\/2023\/02\/helsinki-l-sd-1500x1137.jpg 1500w, https:\/\/www.cosfibelgroup.com\/wp-content\/uploads\/2023\/02\/helsinki-l-sd-705x534.jpg 705w, https:\/\/www.cosfibelgroup.com\/wp-content\/uploads\/2023\/02\/helsinki-l-sd-450x341.jpg 450w, https:\/\/www.cosfibelgroup.com\/wp-content\/uploads\/2023\/02\/helsinki-l-sd-436x327.jpg 436w, https:\/\/www.cosfibelgroup.com\/wp-content\/uploads\/2023\/02\/helsinki-l-sd-600x455.jpg 600w, https:\/\/www.cosfibelgroup.com\/wp-content\/uploads\/2023\/02\/helsinki-l-sd.jpg 1610w\" sizes=\"(max-width: 274px) 100vw, 274px\" \/><p id=\"caption-attachment-12735\" class=\"wp-caption-text\">Cofisbel Collection Helsinki &#8211; Monomaterial packaging<\/p><\/div>\n<p><strong>Des produits plus l\u00e9gers\u00a0pour r\u00e9duire les \u00e9missions de CO2<\/strong><br \/>\nMiser sur des mat\u00e9riaux plus l\u00e9gers que les mat\u00e9riaux traditionnels pour r\u00e9duire les \u00e9missions de CO2 li\u00e9es aux transports, c\u2019est l\u2019id\u00e9e ing\u00e9nieuse qu\u2019a eu l\u2019\u00e9quipe de designers de Cosfibel. Ce changement radical a rapidement port\u00e9 ses fruits sur la logistique\u00a0: \u00e0 taille comparable, les \u00e9missions de CO2 ont \u00e9t\u00e9 r\u00e9duites de 10% par an, et le transport a\u00e9rien diminu\u00e9 de 25%. En outre, cette \u00e9volution s\u2019int\u00e8gre parfaitement dans la nouvelle essence du luxe. Transcendant les artifices, le luxe contemporain s\u2019impose d\u00e9sormais comme une v\u00e9ritable incarnation du raffinement, de l\u2019authenticit\u00e9 et de la qualit\u00e9 et les emballages l\u00e9gers \u00e9pousent \u00e0 la perfection ce nouveau caract\u00e8re.<\/p>\n<p>*<\/p>\n<p>&nbsp;<\/p>\n<p>&nbsp;<\/p>\n<div id=\"attachment_13268\" style=\"width: 310px\" class=\"wp-caption alignleft\"><img decoding=\"async\" aria-describedby=\"caption-attachment-13268\" class=\"size-medium wp-image-13268\" src=\"https:\/\/www.cosfibelgroup.com\/wp-content\/uploads\/2023\/05\/ba-chanel-oscar-emballage-2021-copie-300x226.jpg\" alt=\"\" width=\"300\" height=\"226\" srcset=\"https:\/\/www.cosfibelgroup.com\/wp-content\/uploads\/2023\/05\/ba-chanel-oscar-emballage-2021-copie-300x226.jpg 300w, https:\/\/www.cosfibelgroup.com\/wp-content\/uploads\/2023\/05\/ba-chanel-oscar-emballage-2021-copie-1030x776.jpg 1030w, https:\/\/www.cosfibelgroup.com\/wp-content\/uploads\/2023\/05\/ba-chanel-oscar-emballage-2021-copie-768x578.jpg 768w, https:\/\/www.cosfibelgroup.com\/wp-content\/uploads\/2023\/05\/ba-chanel-oscar-emballage-2021-copie-1536x1157.jpg 1536w, https:\/\/www.cosfibelgroup.com\/wp-content\/uploads\/2023\/05\/ba-chanel-oscar-emballage-2021-copie-2048x1542.jpg 2048w, https:\/\/www.cosfibelgroup.com\/wp-content\/uploads\/2023\/05\/ba-chanel-oscar-emballage-2021-copie-1500x1129.jpg 1500w, https:\/\/www.cosfibelgroup.com\/wp-content\/uploads\/2023\/05\/ba-chanel-oscar-emballage-2021-copie-705x531.jpg 705w, https:\/\/www.cosfibelgroup.com\/wp-content\/uploads\/2023\/05\/ba-chanel-oscar-emballage-2021-copie-450x339.jpg 450w, https:\/\/www.cosfibelgroup.com\/wp-content\/uploads\/2023\/05\/ba-chanel-oscar-emballage-2021-copie-436x327.jpg 436w, https:\/\/www.cosfibelgroup.com\/wp-content\/uploads\/2023\/05\/ba-chanel-oscar-emballage-2021-copie-600x452.jpg 600w\" sizes=\"(max-width: 300px) 100vw, 300px\" \/><p id=\"caption-attachment-13268\" class=\"wp-caption-text\">Channel n\u00b01 : Bo\u00eete Alu &#8211; Metallic Box<\/p><\/div>\n<p><strong>Une meilleure durabilit\u00e9 pour limiter le gaspillage<\/strong><br \/>\nR\u00e9duire l\u2019empreinte environnementale globale de nos cr\u00e9ations passe avant tout par la conception de packagings de haute qualit\u00e9, gage de leur dur\u00e9e de vie \u00e9lev\u00e9e. En proposant des produits r\u00e9utilisables et durables \u00e0 ses clients, Cosfibel S&rsquo;inscrit dans une d\u00e9marche de lutte contre la surconsommation. Par le biais de nos initiatives \u00e9co-responsables, nous avons convaincus certains de nos clients, comme Chanel, de remplacer certains de leurs emballages par des alternatives durables en m\u00e9tal, minimisant leur impact environnemental. Enfin, soucieux de la gestion de nos d\u00e9chets, nous sommes parvenus \u00e0 les r\u00e9employer astucieusement pour cr\u00e9er 3950 jouets qui ont distribu\u00e9s \u00e0 des enfants chinois souffrant d\u2019in\u00e9galit\u00e9s et de handicaps.<\/p>\n<p>Cosfibel se d\u00e9marque ainsi dans l\u2019industrie du luxe par sa cr\u00e9ativit\u00e9 engag\u00e9e, en offrant des emballages d\u2019une sophistication in\u00e9gal\u00e9e o\u00f9 la beaut\u00e9 s\u2019allie harmonieusement au d\u00e9veloppement durable.<\/p>\n","protected":false},"excerpt":{"rendered":"<p>Concilier luxe et responsabilit\u00e9 environnementale, c\u2019est le d\u00e9fi que rel\u00e8ve Cosfibel depuis 2012. Dans l\u2019univers prestigieux du packaging de luxe, Cosfibel se d\u00e9marque par son audace en faisant de la protection de l\u2019environnement un pilier de sa strat\u00e9gie globale, affirmant ainsi son engagement sans faille envers la pr\u00e9servation de la plan\u00e8te. Cette approche se mat\u00e9rialise [&hellip;]<\/p>\n","protected":false},"author":5,"featured_media":10651,"comment_status":"closed","ping_status":"closed","sticky":false,"template":"","format":"standard","meta":{"footnotes":""},"categories":[123],"tags":[],"class_list":["post-13298","post","type-post","status-publish","format-standard","has-post-thumbnail","hentry","category-blog-fr"],"yoast_head":"<!-- This site is optimized with the Yoast SEO plugin v27.2 - https:\/\/yoast.com\/product\/yoast-seo-wordpress\/ -->\n<title>Le luxe \u00e9co-responsable : un choix engag\u00e9 de Cosfibel - Cosfibel Group<\/title>\n<meta name=\"robots\" content=\"index, follow, max-snippet:-1, max-image-preview:large, max-video-preview:-1\" \/>\n<link rel=\"canonical\" href=\"https:\/\/www.cosfibelgroup.com\/fr\/le-luxe-eco-responsable-un-choix-engage-de-cosfibel\/\" \/>\n<meta property=\"og:locale\" content=\"fr_FR\" \/>\n<meta property=\"og:type\" content=\"article\" \/>\n<meta property=\"og:title\" content=\"Le luxe \u00e9co-responsable : un choix engag\u00e9 de Cosfibel - Cosfibel Group\" \/>\n<meta property=\"og:description\" content=\"Concilier luxe et responsabilit\u00e9 environnementale, c\u2019est le d\u00e9fi que rel\u00e8ve Cosfibel depuis 2012. Dans l\u2019univers prestigieux du packaging de luxe, Cosfibel se d\u00e9marque par son audace en faisant de la protection de l\u2019environnement un pilier de sa strat\u00e9gie globale, affirmant ainsi son engagement sans faille envers la pr\u00e9servation de la plan\u00e8te. Cette approche se mat\u00e9rialise [&hellip;]\" \/>\n<meta property=\"og:url\" content=\"https:\/\/www.cosfibelgroup.com\/fr\/le-luxe-eco-responsable-un-choix-engage-de-cosfibel\/\" \/>\n<meta property=\"og:site_name\" content=\"Cosfibel Group\" \/>\n<meta property=\"article:published_time\" content=\"2023-05-22T07:28:20+00:00\" \/>\n<meta property=\"article:modified_time\" content=\"2023-11-07T17:39:53+00:00\" \/>\n<meta property=\"og:image\" content=\"https:\/\/www.cosfibelgroup.com\/wp-content\/uploads\/2022\/07\/reduce.jpg\" \/>\n\t<meta property=\"og:image:width\" content=\"366\" \/>\n\t<meta property=\"og:image:height\" content=\"484\" \/>\n\t<meta property=\"og:image:type\" content=\"image\/jpeg\" \/>\n<meta name=\"author\" content=\"Hadrien\" \/>\n<meta name=\"twitter:card\" content=\"summary_large_image\" \/>\n<meta name=\"twitter:label1\" content=\"\u00c9crit par\" \/>\n\t<meta name=\"twitter:data1\" content=\"Hadrien\" \/>\n\t<meta name=\"twitter:label2\" content=\"Dur\u00e9e de lecture estim\u00e9e\" \/>\n\t<meta name=\"twitter:data2\" content=\"3 minutes\" \/>\n<script type=\"application\/ld+json\" class=\"yoast-schema-graph\">{\"@context\":\"https:\/\/schema.org\",\"@graph\":[{\"@type\":\"Article\",\"@id\":\"https:\/\/www.cosfibelgroup.com\/fr\/le-luxe-eco-responsable-un-choix-engage-de-cosfibel\/#article\",\"isPartOf\":{\"@id\":\"https:\/\/www.cosfibelgroup.com\/fr\/le-luxe-eco-responsable-un-choix-engage-de-cosfibel\/\"},\"author\":{\"name\":\"Hadrien\",\"@id\":\"https:\/\/www.cosfibelgroup.com\/fr\/#\/schema\/person\/6083cfcf6ae321bd1ba3c24477453471\"},\"headline\":\"Le luxe \u00e9co-responsable : un choix engag\u00e9 de Cosfibel\",\"datePublished\":\"2023-05-22T07:28:20+00:00\",\"dateModified\":\"2023-11-07T17:39:53+00:00\",\"mainEntityOfPage\":{\"@id\":\"https:\/\/www.cosfibelgroup.com\/fr\/le-luxe-eco-responsable-un-choix-engage-de-cosfibel\/\"},\"wordCount\":668,\"image\":{\"@id\":\"https:\/\/www.cosfibelgroup.com\/fr\/le-luxe-eco-responsable-un-choix-engage-de-cosfibel\/#primaryimage\"},\"thumbnailUrl\":\"https:\/\/www.cosfibelgroup.com\/wp-content\/uploads\/2022\/07\/reduce.jpg\",\"articleSection\":[\"Blog\"],\"inLanguage\":\"fr-FR\"},{\"@type\":\"WebPage\",\"@id\":\"https:\/\/www.cosfibelgroup.com\/fr\/le-luxe-eco-responsable-un-choix-engage-de-cosfibel\/\",\"url\":\"https:\/\/www.cosfibelgroup.com\/fr\/le-luxe-eco-responsable-un-choix-engage-de-cosfibel\/\",\"name\":\"Le luxe \u00e9co-responsable : un choix engag\u00e9 de Cosfibel - Cosfibel Group\",\"isPartOf\":{\"@id\":\"https:\/\/www.cosfibelgroup.com\/fr\/#website\"},\"primaryImageOfPage\":{\"@id\":\"https:\/\/www.cosfibelgroup.com\/fr\/le-luxe-eco-responsable-un-choix-engage-de-cosfibel\/#primaryimage\"},\"image\":{\"@id\":\"https:\/\/www.cosfibelgroup.com\/fr\/le-luxe-eco-responsable-un-choix-engage-de-cosfibel\/#primaryimage\"},\"thumbnailUrl\":\"https:\/\/www.cosfibelgroup.com\/wp-content\/uploads\/2022\/07\/reduce.jpg\",\"datePublished\":\"2023-05-22T07:28:20+00:00\",\"dateModified\":\"2023-11-07T17:39:53+00:00\",\"author\":{\"@id\":\"https:\/\/www.cosfibelgroup.com\/fr\/#\/schema\/person\/6083cfcf6ae321bd1ba3c24477453471\"},\"breadcrumb\":{\"@id\":\"https:\/\/www.cosfibelgroup.com\/fr\/le-luxe-eco-responsable-un-choix-engage-de-cosfibel\/#breadcrumb\"},\"inLanguage\":\"fr-FR\",\"potentialAction\":[{\"@type\":\"ReadAction\",\"target\":[\"https:\/\/www.cosfibelgroup.com\/fr\/le-luxe-eco-responsable-un-choix-engage-de-cosfibel\/\"]}]},{\"@type\":\"ImageObject\",\"inLanguage\":\"fr-FR\",\"@id\":\"https:\/\/www.cosfibelgroup.com\/fr\/le-luxe-eco-responsable-un-choix-engage-de-cosfibel\/#primaryimage\",\"url\":\"https:\/\/www.cosfibelgroup.com\/wp-content\/uploads\/2022\/07\/reduce.jpg\",\"contentUrl\":\"https:\/\/www.cosfibelgroup.com\/wp-content\/uploads\/2022\/07\/reduce.jpg\",\"width\":366,\"height\":484,\"caption\":\"reduce\"},{\"@type\":\"BreadcrumbList\",\"@id\":\"https:\/\/www.cosfibelgroup.com\/fr\/le-luxe-eco-responsable-un-choix-engage-de-cosfibel\/#breadcrumb\",\"itemListElement\":[{\"@type\":\"ListItem\",\"position\":1,\"name\":\"Home\",\"item\":\"https:\/\/www.cosfibelgroup.com\/fr\/accueil-packaging-luxe\/\"},{\"@type\":\"ListItem\",\"position\":2,\"name\":\"Le luxe \u00e9co-responsable : un choix engag\u00e9 de Cosfibel\"}]},{\"@type\":\"WebSite\",\"@id\":\"https:\/\/www.cosfibelgroup.com\/fr\/#website\",\"url\":\"https:\/\/www.cosfibelgroup.com\/fr\/\",\"name\":\"Cosfibel Group\",\"description\":\"Passionately creative\",\"potentialAction\":[{\"@type\":\"SearchAction\",\"target\":{\"@type\":\"EntryPoint\",\"urlTemplate\":\"https:\/\/www.cosfibelgroup.com\/fr\/?s={search_term_string}\"},\"query-input\":{\"@type\":\"PropertyValueSpecification\",\"valueRequired\":true,\"valueName\":\"search_term_string\"}}],\"inLanguage\":\"fr-FR\"},{\"@type\":\"Person\",\"@id\":\"https:\/\/www.cosfibelgroup.com\/fr\/#\/schema\/person\/6083cfcf6ae321bd1ba3c24477453471\",\"name\":\"Hadrien\",\"image\":{\"@type\":\"ImageObject\",\"inLanguage\":\"fr-FR\",\"@id\":\"https:\/\/www.cosfibelgroup.com\/wp-content\/litespeed\/avatar\/199f530ef30ffb013237392f5b681131.jpg?ver=1776962469\",\"url\":\"https:\/\/www.cosfibelgroup.com\/wp-content\/litespeed\/avatar\/199f530ef30ffb013237392f5b681131.jpg?ver=1776962469\",\"contentUrl\":\"https:\/\/www.cosfibelgroup.com\/wp-content\/litespeed\/avatar\/199f530ef30ffb013237392f5b681131.jpg?ver=1776962469\",\"caption\":\"Hadrien\"},\"url\":\"https:\/\/www.cosfibelgroup.com\/fr\/author\/hadrien\/\"}]}<\/script>\n<!-- \/ Yoast SEO plugin. -->","yoast_head_json":{"title":"Le luxe \u00e9co-responsable : un choix engag\u00e9 de Cosfibel - Cosfibel Group","robots":{"index":"index","follow":"follow","max-snippet":"max-snippet:-1","max-image-preview":"max-image-preview:large","max-video-preview":"max-video-preview:-1"},"canonical":"https:\/\/www.cosfibelgroup.com\/fr\/le-luxe-eco-responsable-un-choix-engage-de-cosfibel\/","og_locale":"fr_FR","og_type":"article","og_title":"Le luxe \u00e9co-responsable : un choix engag\u00e9 de Cosfibel - Cosfibel Group","og_description":"Concilier luxe et responsabilit\u00e9 environnementale, c\u2019est le d\u00e9fi que rel\u00e8ve Cosfibel depuis 2012. Dans l\u2019univers prestigieux du packaging de luxe, Cosfibel se d\u00e9marque par son audace en faisant de la protection de l\u2019environnement un pilier de sa strat\u00e9gie globale, affirmant ainsi son engagement sans faille envers la pr\u00e9servation de la plan\u00e8te. Cette approche se mat\u00e9rialise [&hellip;]","og_url":"https:\/\/www.cosfibelgroup.com\/fr\/le-luxe-eco-responsable-un-choix-engage-de-cosfibel\/","og_site_name":"Cosfibel Group","article_published_time":"2023-05-22T07:28:20+00:00","article_modified_time":"2023-11-07T17:39:53+00:00","og_image":[{"width":366,"height":484,"url":"https:\/\/www.cosfibelgroup.com\/wp-content\/uploads\/2022\/07\/reduce.jpg","type":"image\/jpeg"}],"author":"Hadrien","twitter_card":"summary_large_image","twitter_misc":{"\u00c9crit par":"Hadrien","Dur\u00e9e de lecture estim\u00e9e":"3 minutes"},"schema":{"@context":"https:\/\/schema.org","@graph":[{"@type":"Article","@id":"https:\/\/www.cosfibelgroup.com\/fr\/le-luxe-eco-responsable-un-choix-engage-de-cosfibel\/#article","isPartOf":{"@id":"https:\/\/www.cosfibelgroup.com\/fr\/le-luxe-eco-responsable-un-choix-engage-de-cosfibel\/"},"author":{"name":"Hadrien","@id":"https:\/\/www.cosfibelgroup.com\/fr\/#\/schema\/person\/6083cfcf6ae321bd1ba3c24477453471"},"headline":"Le luxe \u00e9co-responsable : un choix engag\u00e9 de Cosfibel","datePublished":"2023-05-22T07:28:20+00:00","dateModified":"2023-11-07T17:39:53+00:00","mainEntityOfPage":{"@id":"https:\/\/www.cosfibelgroup.com\/fr\/le-luxe-eco-responsable-un-choix-engage-de-cosfibel\/"},"wordCount":668,"image":{"@id":"https:\/\/www.cosfibelgroup.com\/fr\/le-luxe-eco-responsable-un-choix-engage-de-cosfibel\/#primaryimage"},"thumbnailUrl":"https:\/\/www.cosfibelgroup.com\/wp-content\/uploads\/2022\/07\/reduce.jpg","articleSection":["Blog"],"inLanguage":"fr-FR"},{"@type":"WebPage","@id":"https:\/\/www.cosfibelgroup.com\/fr\/le-luxe-eco-responsable-un-choix-engage-de-cosfibel\/","url":"https:\/\/www.cosfibelgroup.com\/fr\/le-luxe-eco-responsable-un-choix-engage-de-cosfibel\/","name":"Le luxe \u00e9co-responsable : un choix engag\u00e9 de Cosfibel - Cosfibel Group","isPartOf":{"@id":"https:\/\/www.cosfibelgroup.com\/fr\/#website"},"primaryImageOfPage":{"@id":"https:\/\/www.cosfibelgroup.com\/fr\/le-luxe-eco-responsable-un-choix-engage-de-cosfibel\/#primaryimage"},"image":{"@id":"https:\/\/www.cosfibelgroup.com\/fr\/le-luxe-eco-responsable-un-choix-engage-de-cosfibel\/#primaryimage"},"thumbnailUrl":"https:\/\/www.cosfibelgroup.com\/wp-content\/uploads\/2022\/07\/reduce.jpg","datePublished":"2023-05-22T07:28:20+00:00","dateModified":"2023-11-07T17:39:53+00:00","author":{"@id":"https:\/\/www.cosfibelgroup.com\/fr\/#\/schema\/person\/6083cfcf6ae321bd1ba3c24477453471"},"breadcrumb":{"@id":"https:\/\/www.cosfibelgroup.com\/fr\/le-luxe-eco-responsable-un-choix-engage-de-cosfibel\/#breadcrumb"},"inLanguage":"fr-FR","potentialAction":[{"@type":"ReadAction","target":["https:\/\/www.cosfibelgroup.com\/fr\/le-luxe-eco-responsable-un-choix-engage-de-cosfibel\/"]}]},{"@type":"ImageObject","inLanguage":"fr-FR","@id":"https:\/\/www.cosfibelgroup.com\/fr\/le-luxe-eco-responsable-un-choix-engage-de-cosfibel\/#primaryimage","url":"https:\/\/www.cosfibelgroup.com\/wp-content\/uploads\/2022\/07\/reduce.jpg","contentUrl":"https:\/\/www.cosfibelgroup.com\/wp-content\/uploads\/2022\/07\/reduce.jpg","width":366,"height":484,"caption":"reduce"},{"@type":"BreadcrumbList","@id":"https:\/\/www.cosfibelgroup.com\/fr\/le-luxe-eco-responsable-un-choix-engage-de-cosfibel\/#breadcrumb","itemListElement":[{"@type":"ListItem","position":1,"name":"Home","item":"https:\/\/www.cosfibelgroup.com\/fr\/accueil-packaging-luxe\/"},{"@type":"ListItem","position":2,"name":"Le luxe \u00e9co-responsable : un choix engag\u00e9 de Cosfibel"}]},{"@type":"WebSite","@id":"https:\/\/www.cosfibelgroup.com\/fr\/#website","url":"https:\/\/www.cosfibelgroup.com\/fr\/","name":"Cosfibel Group","description":"Passionately creative","potentialAction":[{"@type":"SearchAction","target":{"@type":"EntryPoint","urlTemplate":"https:\/\/www.cosfibelgroup.com\/fr\/?s={search_term_string}"},"query-input":{"@type":"PropertyValueSpecification","valueRequired":true,"valueName":"search_term_string"}}],"inLanguage":"fr-FR"},{"@type":"Person","@id":"https:\/\/www.cosfibelgroup.com\/fr\/#\/schema\/person\/6083cfcf6ae321bd1ba3c24477453471","name":"Hadrien","image":{"@type":"ImageObject","inLanguage":"fr-FR","@id":"https:\/\/www.cosfibelgroup.com\/wp-content\/litespeed\/avatar\/199f530ef30ffb013237392f5b681131.jpg?ver=1776962469","url":"https:\/\/www.cosfibelgroup.com\/wp-content\/litespeed\/avatar\/199f530ef30ffb013237392f5b681131.jpg?ver=1776962469","contentUrl":"https:\/\/www.cosfibelgroup.com\/wp-content\/litespeed\/avatar\/199f530ef30ffb013237392f5b681131.jpg?ver=1776962469","caption":"Hadrien"},"url":"https:\/\/www.cosfibelgroup.com\/fr\/author\/hadrien\/"}]}},"_links":{"self":[{"href":"https:\/\/www.cosfibelgroup.com\/fr\/wp-json\/wp\/v2\/posts\/13298","targetHints":{"allow":["GET"]}}],"collection":[{"href":"https:\/\/www.cosfibelgroup.com\/fr\/wp-json\/wp\/v2\/posts"}],"about":[{"href":"https:\/\/www.cosfibelgroup.com\/fr\/wp-json\/wp\/v2\/types\/post"}],"author":[{"embeddable":true,"href":"https:\/\/www.cosfibelgroup.com\/fr\/wp-json\/wp\/v2\/users\/5"}],"replies":[{"embeddable":true,"href":"https:\/\/www.cosfibelgroup.com\/fr\/wp-json\/wp\/v2\/comments?post=13298"}],"version-history":[{"count":0,"href":"https:\/\/www.cosfibelgroup.com\/fr\/wp-json\/wp\/v2\/posts\/13298\/revisions"}],"wp:featuredmedia":[{"embeddable":true,"href":"https:\/\/www.cosfibelgroup.com\/fr\/wp-json\/wp\/v2\/media\/10651"}],"wp:attachment":[{"href":"https:\/\/www.cosfibelgroup.com\/fr\/wp-json\/wp\/v2\/media?parent=13298"}],"wp:term":[{"taxonomy":"category","embeddable":true,"href":"https:\/\/www.cosfibelgroup.com\/fr\/wp-json\/wp\/v2\/categories?post=13298"},{"taxonomy":"post_tag","embeddable":true,"href":"https:\/\/www.cosfibelgroup.com\/fr\/wp-json\/wp\/v2\/tags?post=13298"}],"curies":[{"name":"wp","href":"https:\/\/api.w.org\/{rel}","templated":true}]}}